{"id":2226,"date":"2019-03-07T09:11:35","date_gmt":"2019-03-07T09:11:35","guid":{"rendered":"http:\/\/mdkkutno.pl\/?p=2226"},"modified":"2019-03-07T09:11:35","modified_gmt":"2019-03-07T09:11:35","slug":"bal-karnawalowy-w-emdekusiu","status":"publish","type":"post","link":"https:\/\/serwer1739463.home.pl\/autoinstalator\/wordpress\/?p=2226","title":{"rendered":"Bal karnawa\u0142owy w \u201eeMDeKusiu\u201d"},"content":{"rendered":"<div data-contents=\"true\">\n<div class=\"\" data-block=\"true\" data-editor=\"bs2fu\" data-offset-key=\"bg7u7-0-0\">\n<div class=\"_1mf _1mj\" data-offset-key=\"en99n-0-0\"><span data-offset-key=\"en99n-0-0\">W czwartek 28 lutego w Artystycznej Akademii Dzieci\u0119cej &#8220;eMDeKu\u015b&#8221; odby\u0142 si\u0119 bal karnawa\u0142owy. Bajkowy wystr\u00f3j sali wprowadzi\u0142 uczestnik\u00f3w balu <\/span><\/div>\n<\/div>\n<div class=\"\" data-block=\"true\" data-editor=\"bs2fu\" data-offset-key=\"eo66i-0-0\">\n<div class=\"_1mf _1mj\" data-offset-key=\"eo66i-0-0\"><span data-offset-key=\"eo66i-0-0\">w niecodzienny nastr\u00f3j i zach\u0119ci\u0142 do zabawy. Pomys\u0142owe stroje, muzyka, ta\u0144ce i \u015bpiewy a tak\u017ce liczne konkursy &#8211; wszystko to z\u0142o\u017cy\u0142o si\u0119 wyj\u0105tkow\u0105 karnawa\u0142ow\u0105 atmosfer\u0119. Nie zabrak\u0142o te\u017c p\u0105czk\u00f3w &#8211; w ko\u0144cu t\u0142usty czwartek zobowi\u0105zuje do zjedzenia przynajmniej jednego \ud83d\ude09<\/span><\/div>\n<\/div>\n<div class=\"\" data-block=\"true\" data-editor=\"bs2fu\" data-offset-key=\"d5276-0-0\">\n<div class=\"_1mf _1mj\" data-offset-key=\"d5276-0-0\">\n<p><span data-offset-key=\"d5276-0-0\">Dzi\u0119kujemy dzieciom i rodzicom za super zabaw\u0119 i zaanga\u017cowanie w przygotowanie stroj\u00f3w balowych.<\/span><\/p>\n<div id=\"su_slider_69f1ab351a71b\" class=\"su-slider su-slider-centered su-slider-pages-yes su-slider-responsive-yes\" style=\"width:100%\" data-autoplay=\"3000\" data-speed=\"600\" data-mousewheel=\"true\"><div class=\"su-slider-slides\"><div class=\"su-slider-slide\"><a><img src=\"https:\/\/serwer1739463.home.pl\/autoinstalator\/wordpress\/wp-content\/uploads\/2019\/03\/IMG_3376.jpg\" alt=\"IMG_3376\" \/><span class=\"su-slider-slide-title\">IMG_3376<\/span><\/a><\/div><div class=\"su-slider-slide\"><a><img src=\"https:\/\/serwer1739463.home.pl\/autoinstalator\/wordpress\/wp-content\/uploads\/2019\/03\/IMG_3383.jpg\" alt=\"IMG_3383\" \/><span class=\"su-slider-slide-title\">IMG_3383<\/span><\/a><\/div><div class=\"su-slider-slide\"><a><img src=\"https:\/\/serwer1739463.home.pl\/autoinstalator\/wordpress\/wp-content\/uploads\/2019\/03\/IMG_3419.jpg\" alt=\"IMG_3419\" \/><span class=\"su-slider-slide-title\">IMG_3419<\/span><\/a><\/div><div class=\"su-slider-slide\"><a><img src=\"https:\/\/serwer1739463.home.pl\/autoinstalator\/wordpress\/wp-content\/uploads\/2019\/03\/IMG_3505.jpg\" alt=\"IMG_3505\" \/><span class=\"su-slider-slide-title\">IMG_3505<\/span><\/a><\/div><div class=\"su-slider-slide\"><a><img src=\"https:\/\/serwer1739463.home.pl\/autoinstalator\/wordpress\/wp-content\/uploads\/2019\/03\/IMG_3495.jpg\" alt=\"IMG_3495\" \/><span class=\"su-slider-slide-title\">IMG_3495<\/span><\/a><\/div><div class=\"su-slider-slide\"><a><img src=\"https:\/\/serwer1739463.home.pl\/autoinstalator\/wordpress\/wp-content\/uploads\/2019\/03\/IMG_3472.jpg\" alt=\"IMG_3472\" \/><span class=\"su-slider-slide-title\">IMG_3472<\/span><\/a><\/div><div class=\"su-slider-slide\"><a><img src=\"https:\/\/serwer1739463.home.pl\/autoinstalator\/wordpress\/wp-content\/uploads\/2019\/03\/IMG_3471.jpg\" alt=\"IMG_3471\" \/><span class=\"su-slider-slide-title\">IMG_3471<\/span><\/a><\/div><div class=\"su-slider-slide\"><a><img src=\"https:\/\/serwer1739463.home.pl\/autoinstalator\/wordpress\/wp-content\/uploads\/2019\/03\/IMG_3468.jpg\" alt=\"IMG_3468\" \/><span class=\"su-slider-slide-title\">IMG_3468<\/span><\/a><\/div><div class=\"su-slider-slide\"><a><img src=\"https:\/\/serwer1739463.home.pl\/autoinstalator\/wordpress\/wp-content\/uploads\/2019\/03\/IMG_3465.jpg\" alt=\"IMG_3465\" \/><span class=\"su-slider-slide-title\">IMG_3465<\/span><\/a><\/div><div class=\"su-slider-slide\"><a><img src=\"https:\/\/serwer1739463.home.pl\/autoinstalator\/wordpress\/wp-content\/uploads\/2019\/03\/IMG_3458.jpg\" alt=\"IMG_3458\" \/><span class=\"su-slider-slide-title\">IMG_3458<\/span><\/a><\/div><div class=\"su-slider-slide\"><a><img src=\"https:\/\/serwer1739463.home.pl\/autoinstalator\/wordpress\/wp-content\/uploads\/2019\/03\/IMG_3447.jpg\" alt=\"IMG_3447\" \/><span class=\"su-slider-slide-title\">IMG_3447<\/span><\/a><\/div><div class=\"su-slider-slide\"><a><img src=\"https:\/\/serwer1739463.home.pl\/autoinstalator\/wordpress\/wp-content\/uploads\/2019\/03\/IMG_3446.jpg\" alt=\"IMG_3446\" \/><span class=\"su-slider-slide-title\">IMG_3446<\/span><\/a><\/div><div class=\"su-slider-slide\"><a><img src=\"https:\/\/serwer1739463.home.pl\/autoinstalator\/wordpress\/wp-content\/uploads\/2019\/03\/IMG_3434.jpg\" alt=\"IMG_3434\" \/><span class=\"su-slider-slide-title\">IMG_3434<\/span><\/a><\/div><\/div><div class=\"su-slider-nav\"><div class=\"su-slider-direction\"><span class=\"su-slider-prev\"><\/span><span class=\"su-slider-next\"><\/span><\/div><div class=\"su-slider-pagination\"><\/div><\/div><\/div>\n<p>&nbsp;<\/p>\n<\/div>\n<\/div>\n<\/div>\n","protected":false},"excerpt":{"rendered":"<p>W czwartek 28 lutego w Artystycznej Akademii Dzieci\u0119cej &#8220;eMDeKu\u015b&#8221; odby\u0142 si\u0119 bal karnawa\u0142owy. Bajkowy wystr\u00f3j sali wprowadzi\u0142 uczestnik\u00f3w balu w niecodzienny nastr\u00f3j i zach\u0119ci\u0142 do zabawy. Pomys\u0142owe stroje, muzyka, ta\u0144ce i \u015bpiewy a tak\u017ce liczne konkursy &#8211; wszystko to z\u0142o\u017cy\u0142o si\u0119 wyj\u0105tkow\u0105 karnawa\u0142ow\u0105 atmosfer\u0119. Nie zabrak\u0142o te\u017c p\u0105czk\u00f3w &#8211; w ko\u0144cu t\u0142usty czwartek zobowi\u0105zuje do [&hellip;]<\/p>\n","protected":false},"author":1,"featured_media":2238,"comment_status":"closed","ping_status":"closed","sticky":false,"template":"","format":"standard","meta":[],"categories":[4,7,8],"tags":[],"_links":{"self":[{"href":"https:\/\/serwer1739463.home.pl\/autoinstalator\/wordpress\/index.php?rest_route=\/wp\/v2\/posts\/2226"}],"collection":[{"href":"https:\/\/serwer1739463.home.pl\/autoinstalator\/wordpress\/index.php?rest_route=\/wp\/v2\/posts"}],"about":[{"href":"https:\/\/serwer1739463.home.pl\/autoinstalator\/wordpress\/index.php?rest_route=\/wp\/v2\/types\/post"}],"author":[{"embeddable":true,"href":"https:\/\/serwer1739463.home.pl\/autoinstalator\/wordpress\/index.php?rest_route=\/wp\/v2\/users\/1"}],"replies":[{"embeddable":true,"href":"https:\/\/serwer1739463.home.pl\/autoinstalator\/wordpress\/index.php?rest_route=%2Fwp%2Fv2%2Fcomments&post=2226"}],"version-history":[{"count":1,"href":"https:\/\/serwer1739463.home.pl\/autoinstalator\/wordpress\/index.php?rest_route=\/wp\/v2\/posts\/2226\/revisions"}],"predecessor-version":[{"id":2257,"href":"https:\/\/serwer1739463.home.pl\/autoinstalator\/wordpress\/index.php?rest_route=\/wp\/v2\/posts\/2226\/revisions\/2257"}],"wp:featuredmedia":[{"embeddable":true,"href":"https:\/\/serwer1739463.home.pl\/autoinstalator\/wordpress\/index.php?rest_route=\/wp\/v2\/media\/2238"}],"wp:attachment":[{"href":"https:\/\/serwer1739463.home.pl\/autoinstalator\/wordpress\/index.php?rest_route=%2Fwp%2Fv2%2Fmedia&parent=2226"}],"wp:term":[{"taxonomy":"category","embeddable":true,"href":"https:\/\/serwer1739463.home.pl\/autoinstalator\/wordpress\/index.php?rest_route=%2Fwp%2Fv2%2Fcategories&post=2226"},{"taxonomy":"post_tag","embeddable":true,"href":"https:\/\/serwer1739463.home.pl\/autoinstalator\/wordpress\/index.php?rest_route=%2Fwp%2Fv2%2Ftags&post=2226"}],"curies":[{"name":"wp","href":"https:\/\/api.w.org\/{rel}","templated":true}]}}